{"id":1527,"date":"2022-06-17T07:50:15","date_gmt":"2022-06-17T07:50:15","guid":{"rendered":"https:\/\/sspr.no\/?p=1527"},"modified":"2022-06-17T07:50:15","modified_gmt":"2022-06-17T07:50:15","slug":"steinerskolen-pa-rotvolls-nye-styre","status":"publish","type":"post","link":"https:\/\/old.sspr.no\/?p=1527","title":{"rendered":"Steinerskolen p\u00e5 Rotvolls nye styre"},"content":{"rendered":"\n<figure class=\"wp-block-image size-large is-style-default\"><img loading=\"lazy\" decoding=\"async\" width=\"1024\" height=\"768\" src=\"http:\/\/sspr.no\/wp-content\/uploads\/2021\/05\/IMG_0848-1024x768.jpeg\" alt=\"\" class=\"wp-image-509\" srcset=\"https:\/\/old.sspr.no\/wp-content\/uploads\/2021\/05\/IMG_0848-1024x768.jpeg 1024w, https:\/\/old.sspr.no\/wp-content\/uploads\/2021\/05\/IMG_0848-300x225.jpeg 300w, https:\/\/old.sspr.no\/wp-content\/uploads\/2021\/05\/IMG_0848-768x576.jpeg 768w, https:\/\/old.sspr.no\/wp-content\/uploads\/2021\/05\/IMG_0848-1536x1152.jpeg 1536w, https:\/\/old.sspr.no\/wp-content\/uploads\/2021\/05\/IMG_0848-2048x1536.jpeg 2048w\" sizes=\"auto, (max-width: 1024px) 100vw, 1024px\" \/><\/figure>\n\n\n\n<p class=\"wp-block-paragraph\">Valgkomiteen, foreldrene og de ansatte ved Steinerskolen har jobbet aktivt for \u00e5 finne og innstille kandidater til styret den siste tida. I styrem\u00f8tet 15. juni 2022 ble f\u00f8lgende kandidater valgt til v\u00e5rt nye styre. Det nye styret er valgt fra og med 1. august 2022.<\/p>\n\n\n\n<p class=\"wp-block-paragraph\"><strong>EKSTERNE MEDLEMMER:<\/strong><\/p>\n\n\n\n<p class=\"wp-block-paragraph\">Styreleder: John Andr\u00e9 Aasen (2 \u00e5r)<\/p>\n\n\n\n<p class=\"wp-block-paragraph\">Eksternt styremedlem (2 \u00e5r): Janne Rebecca Fjelnseth<\/p>\n\n\n\n<p class=\"wp-block-paragraph\">Personlig vara: Elling Hermstad (2 \u00e5r)<\/p>\n\n\n\n<p class=\"wp-block-paragraph\">Eksternt styremedlem (1 \u00e5r): Kaare Hagerup<\/p>\n\n\n\n<p class=\"wp-block-paragraph\">Personlig vara: Tanja Holmen (2 \u00e5r)<\/p>\n\n\n\n<p class=\"wp-block-paragraph\"><strong>FOR FORELDRENE:<\/strong><\/p>\n\n\n\n<p class=\"wp-block-paragraph\">Styremedlem: (1 \u00e5r): H\u00e5vard Spj\u00f8tvold<\/p>\n\n\n\n<p class=\"wp-block-paragraph\">Personlig vara: Hilde Asb\u00f8ll (1 \u00e5r)<\/p>\n\n\n\n<p class=\"wp-block-paragraph\">Styremedlem (2 \u00e5r): Camilla Stabel J\u00f8rgensen<\/p>\n\n\n\n<p class=\"wp-block-paragraph\">Personlig vara: Borgar Tessem (2 \u00e5r)<\/p>\n\n\n\n<p class=\"wp-block-paragraph\">Observat\u00f8r: Verena Barth<\/p>\n\n\n\n<p class=\"wp-block-paragraph\"><strong>FOR L\u00c6RERNE:<\/strong><\/p>\n\n\n\n<p class=\"wp-block-paragraph\">Styremedlem (gjenvalgt for 2 \u00e5r): Ann Rita Golis<\/p>\n\n\n\n<p class=\"wp-block-paragraph\">Personlig vara: Aase L\u00f8ken (2 \u00e5r)<\/p>\n\n\n\n<p class=\"wp-block-paragraph\">Styremedlem (1 \u00e5r): Elisabeth Ulsund<\/p>\n\n\n\n<p class=\"wp-block-paragraph\">Personlig vara: Dan Fosse (1 \u00e5r)<\/p>\n\n\n\n<p class=\"wp-block-paragraph\">Observat\u00f8r: Malin Nilsen<\/p>\n\n\n\n<p class=\"wp-block-paragraph\">Det sittende styret har gjort en formidabel innsats innev\u00e6rende skole\u00e5r. Daglig leder \u00f8nsker \u00e5 takke alle som har bidratt i styrearbeidet og alt det vi har f\u00e5tt til dette skole\u00e5ret!<\/p>\n\n\n\n<p class=\"wp-block-paragraph\">Daglig leder og kollegiet \u00f8nsker samtidig ny styreleder og nye styremedlemmer hjertelig velkommen. Vi ser for oss mye spennende og interessant arbeid i styret i tida som kommer.<\/p>\n\n\n\n<p class=\"wp-block-paragraph\">Med vennlig hilsen,<\/p>\n\n\n\n<p class=\"wp-block-paragraph\">Frode<\/p>\n","protected":false},"excerpt":{"rendered":"<p>Valgkomiteen, foreldrene og de ansatte ved Steinerskolen har jobbet aktivt for \u00e5 finne og innstille kandidater til styret den siste tida. I styrem\u00f8tet 15. juni 2022 ble f\u00f8lgende kandidater valgt til v\u00e5rt nye styre. Det nye styret er valgt fra &hellip; <a href=\"https:\/\/old.sspr.no\/?p=1527\">Les videre <span class=\"meta-nav\">&rarr;<\/span><\/a><\/p>\n","protected":false},"author":1,"featured_media":0,"comment_status":"closed","ping_status":"","sticky":false,"template":"","format":"standard","meta":{"myguten_meta_block_field":"","footnotes":""},"categories":[1],"tags":[],"class_list":["post-1527","post","type-post","status-publish","format-standard","hentry","category-uncategorized"],"_links":{"self":[{"href":"https:\/\/old.sspr.no\/index.php?rest_route=\/wp\/v2\/posts\/1527","targetHints":{"allow":["GET"]}}],"collection":[{"href":"https:\/\/old.sspr.no\/index.php?rest_route=\/wp\/v2\/posts"}],"about":[{"href":"https:\/\/old.sspr.no\/index.php?rest_route=\/wp\/v2\/types\/post"}],"author":[{"embeddable":true,"href":"https:\/\/old.sspr.no\/index.php?rest_route=\/wp\/v2\/users\/1"}],"replies":[{"embeddable":true,"href":"https:\/\/old.sspr.no\/index.php?rest_route=%2Fwp%2Fv2%2Fcomments&post=1527"}],"version-history":[{"count":1,"href":"https:\/\/old.sspr.no\/index.php?rest_route=\/wp\/v2\/posts\/1527\/revisions"}],"predecessor-version":[{"id":1528,"href":"https:\/\/old.sspr.no\/index.php?rest_route=\/wp\/v2\/posts\/1527\/revisions\/1528"}],"wp:attachment":[{"href":"https:\/\/old.sspr.no\/index.php?rest_route=%2Fwp%2Fv2%2Fmedia&parent=1527"}],"wp:term":[{"taxonomy":"category","embeddable":true,"href":"https:\/\/old.sspr.no\/index.php?rest_route=%2Fwp%2Fv2%2Fcategories&post=1527"},{"taxonomy":"post_tag","embeddable":true,"href":"https:\/\/old.sspr.no\/index.php?rest_route=%2Fwp%2Fv2%2Ftags&post=1527"}],"curies":[{"name":"wp","href":"https:\/\/api.w.org\/{rel}","templated":true}]}}