{"id":1395,"date":"2022-03-31T10:28:15","date_gmt":"2022-03-31T10:28:15","guid":{"rendered":"https:\/\/sspr.no\/?p=1395"},"modified":"2022-03-31T10:33:15","modified_gmt":"2022-03-31T10:33:15","slug":"aprilbrev-fra-rektor","status":"publish","type":"post","link":"https:\/\/old.sspr.no\/?p=1395","title":{"rendered":"Aprilbrev fra rektor"},"content":{"rendered":"\n<p class=\"wp-block-paragraph\">April. Smak p\u00e5 ordet. Det gir i hvert fall meg assosiasjoner til noe friskt og godt. Sola kikker gjerne fram mellom sluddbygene og sn\u00f8klokker, scilla og primula m\u00e5 av og til t\u00e5le en liten haglskur. En frisk og fin m\u00e5ned ligger framfor oss. Ei deilig tid p\u00e5 Rotvoll!<\/p>\n\n\n\n<figure class=\"wp-block-image size-large is-style-default\"><img loading=\"lazy\" decoding=\"async\" width=\"1024\" height=\"768\" src=\"http:\/\/sspr.no\/wp-content\/uploads\/2022\/03\/Snoklokker-2-1024x768.jpg\" alt=\"\" class=\"wp-image-1396\" srcset=\"https:\/\/old.sspr.no\/wp-content\/uploads\/2022\/03\/Snoklokker-2-1024x768.jpg 1024w, https:\/\/old.sspr.no\/wp-content\/uploads\/2022\/03\/Snoklokker-2-300x225.jpg 300w, https:\/\/old.sspr.no\/wp-content\/uploads\/2022\/03\/Snoklokker-2-768x576.jpg 768w, https:\/\/old.sspr.no\/wp-content\/uploads\/2022\/03\/Snoklokker-2-1536x1152.jpg 1536w, https:\/\/old.sspr.no\/wp-content\/uploads\/2022\/03\/Snoklokker-2-2048x1536.jpg 2048w\" sizes=\"auto, (max-width: 1024px) 100vw, 1024px\" \/><figcaption>Sn\u00f8klokkene har begynt \u00e5 kikke fram mellom buskene rundt skolen.<\/figcaption><\/figure>\n\n\n\n<p class=\"wp-block-paragraph\">Det foreg\u00e5r en del arbeid i skolens uteomr\u00e5de for tida. Vi har noe etterslep etter forrige runde med oppgradering av skoleg\u00e5rden. Vi er ogs\u00e5 i ferd med \u00e5 lukke noen avvik etter at vi hadde tilsyn p\u00e5 lekeplassen. Firmaet DinVaktmester gjennomf\u00f8rer lukking av avvikene. Omr\u00e5det er gjerdet inn slik at elevene ikke kommer i forbindelse med maskiner og utstyr. Vi ser fram til at klatrehagen og lekeplassen igjen blir i trygg og god stand for v\u00e5re elever.<\/p>\n\n\n\n<p class=\"wp-block-paragraph\">Skolen har kj\u00f8pt inn en del leker og utstyr til elevene p\u00e5 7. til 10. trinn. Utstyret er distribuert ut til klassene i store oppbevaringsbokser, slik at disse kan tas ut og inn av friminuttene p\u00e5 en enkel og grei m\u00e5te. Klassene har selv ansvar for \u00e5 ta vare p\u00e5 innholdet boksene. Skolen er ogs\u00e5 med i Trivselslederprogrammet og s\u00e5nn sett skulle det v\u00e6re mange muligheter for elevene v\u00e5re \u00e5 holde seg i aktivitet ute i friminuttene. Elevr\u00e5det har i tillegg kommet med \u00f8nsker om en basketkurv inne i skoleg\u00e5rden og noen forbedringer av leskuret. Jeg f\u00f8lger opp dette sammen med vaktmester Jan Tommy.<\/p>\n\n\n\n<figure class=\"wp-block-gallery has-nested-images columns-default is-cropped wp-block-gallery-1 is-layout-flex wp-block-gallery-is-layout-flex\">\n<figure class=\"wp-block-image size-large is-style-default\"><img loading=\"lazy\" decoding=\"async\" width=\"2560\" height=\"1920\" data-id=\"1410\" src=\"http:\/\/sspr.no\/wp-content\/uploads\/2022\/03\/5-scaled.jpg\" alt=\"\" class=\"wp-image-1410\" srcset=\"https:\/\/old.sspr.no\/wp-content\/uploads\/2022\/03\/5-scaled.jpg 2560w, https:\/\/old.sspr.no\/wp-content\/uploads\/2022\/03\/5-300x225.jpg 300w, https:\/\/old.sspr.no\/wp-content\/uploads\/2022\/03\/5-1024x768.jpg 1024w, https:\/\/old.sspr.no\/wp-content\/uploads\/2022\/03\/5-768x576.jpg 768w, https:\/\/old.sspr.no\/wp-content\/uploads\/2022\/03\/5-1536x1152.jpg 1536w, https:\/\/old.sspr.no\/wp-content\/uploads\/2022\/03\/5-2048x1536.jpg 2048w\" sizes=\"auto, (max-width: 2560px) 100vw, 2560px\" \/><\/figure>\n\n\n\n<figure class=\"wp-block-image size-large is-style-default\"><img loading=\"lazy\" decoding=\"async\" width=\"2560\" height=\"1920\" data-id=\"1409\" src=\"http:\/\/sspr.no\/wp-content\/uploads\/2022\/03\/4-scaled.jpg\" alt=\"\" class=\"wp-image-1409\" srcset=\"https:\/\/old.sspr.no\/wp-content\/uploads\/2022\/03\/4-scaled.jpg 2560w, https:\/\/old.sspr.no\/wp-content\/uploads\/2022\/03\/4-300x225.jpg 300w, https:\/\/old.sspr.no\/wp-content\/uploads\/2022\/03\/4-1024x768.jpg 1024w, https:\/\/old.sspr.no\/wp-content\/uploads\/2022\/03\/4-768x576.jpg 768w, https:\/\/old.sspr.no\/wp-content\/uploads\/2022\/03\/4-1536x1152.jpg 1536w, https:\/\/old.sspr.no\/wp-content\/uploads\/2022\/03\/4-2048x1536.jpg 2048w\" sizes=\"auto, (max-width: 2560px) 100vw, 2560px\" \/><\/figure>\n\n\n\n<figure class=\"wp-block-image size-large is-style-default\"><img loading=\"lazy\" decoding=\"async\" width=\"2560\" height=\"1920\" data-id=\"1408\" src=\"http:\/\/sspr.no\/wp-content\/uploads\/2022\/03\/2-scaled.jpg\" alt=\"\" class=\"wp-image-1408\" srcset=\"https:\/\/old.sspr.no\/wp-content\/uploads\/2022\/03\/2-scaled.jpg 2560w, https:\/\/old.sspr.no\/wp-content\/uploads\/2022\/03\/2-300x225.jpg 300w, https:\/\/old.sspr.no\/wp-content\/uploads\/2022\/03\/2-1024x768.jpg 1024w, https:\/\/old.sspr.no\/wp-content\/uploads\/2022\/03\/2-768x576.jpg 768w, https:\/\/old.sspr.no\/wp-content\/uploads\/2022\/03\/2-1536x1152.jpg 1536w, https:\/\/old.sspr.no\/wp-content\/uploads\/2022\/03\/2-2048x1536.jpg 2048w\" sizes=\"auto, (max-width: 2560px) 100vw, 2560px\" \/><\/figure>\n\n\n\n<figure class=\"wp-block-image size-large is-style-default\"><img loading=\"lazy\" decoding=\"async\" width=\"2560\" height=\"1920\" data-id=\"1407\" src=\"http:\/\/sspr.no\/wp-content\/uploads\/2022\/03\/1-scaled.jpg\" alt=\"\" class=\"wp-image-1407\" srcset=\"https:\/\/old.sspr.no\/wp-content\/uploads\/2022\/03\/1-scaled.jpg 2560w, https:\/\/old.sspr.no\/wp-content\/uploads\/2022\/03\/1-300x225.jpg 300w, https:\/\/old.sspr.no\/wp-content\/uploads\/2022\/03\/1-1024x768.jpg 1024w, https:\/\/old.sspr.no\/wp-content\/uploads\/2022\/03\/1-768x576.jpg 768w, https:\/\/old.sspr.no\/wp-content\/uploads\/2022\/03\/1-1536x1152.jpg 1536w, https:\/\/old.sspr.no\/wp-content\/uploads\/2022\/03\/1-2048x1536.jpg 2048w\" sizes=\"auto, (max-width: 2560px) 100vw, 2560px\" \/><\/figure>\n<figcaption class=\"blocks-gallery-caption\">Vi fikk et aldri s\u00e5 lite melisdryss p\u00e5 de gr\u00f8nne plenene 29. mars. Bildene er tatt tidlig p\u00e5 morgenen.<\/figcaption><\/figure>\n\n\n\n<p class=\"wp-block-paragraph\">Vi har lyst ut ledige stillinger for skole\u00e5ret 2022\/2023. Vi har f\u00e5tt bekreftet at vi f\u00e5r tilbake tre l\u00e6rere til h\u00f8sten som har v\u00e6rt ute i permisjon innev\u00e6rende skole\u00e5r, men vi har likevel en god del ledige stillinger, b\u00e5de pedagog- og assistentstillinger. Vi har et sterkt \u00f8nske om \u00e5 styrke oss opp p\u00e5 begynneroppl\u00e6ringa i lesing og skriving, musikk, kropps\u00f8ving, spansk, spesialpedagogikk og kunst og handverk kommende skole\u00e5r. De ledige stillingene finner man her:<\/p>\n\n\n\n<p class=\"wp-block-paragraph\"><a href=\"https:\/\/sspr.no\/?page_id=348\" target=\"_blank\" rel=\"noreferrer noopener\">Ledige stillinger | Steinerskolen p\u00e5 Rotvoll (sspr.no)<\/a><\/p>\n\n\n\n<p class=\"wp-block-paragraph\">Skolen vokser stadig. Vi har ukentlige innmeldinger, men p\u00e5 enkelte klassetrinn er det n\u00e5 fullt. Dette betyr at vi stadig m\u00e5 avvise elever som \u00f8nsker plass hos oss. En del av utfordringene v\u00e5re er at klasserommene begynner \u00e5 bli for sm\u00e5. Vi hadde planer om \u00e5 sette opp et modulbygg ved skolen som en midlertidig l\u00f8sning, men dette viste seg \u00e5 bli nesten like kostbart som \u00e5 bygge nytt. Styret la derfor denne planen til side i februarm\u00f8tet. Vi tar derfor to skritt tilbake og begynner arbeidet med \u00e5 jobbe med planer om ombygging og utbygging av eksisterende bygg. Her blir b\u00e5de kollegiet og foreldre involvert i prosessen.<\/p>\n\n\n\n<figure class=\"wp-block-gallery has-nested-images columns-default is-cropped wp-block-gallery-2 is-layout-flex wp-block-gallery-is-layout-flex\">\n<figure class=\"wp-block-image size-large is-style-default\"><img loading=\"lazy\" decoding=\"async\" width=\"2560\" height=\"1528\" data-id=\"1405\" src=\"http:\/\/sspr.no\/wp-content\/uploads\/2022\/03\/Vennedag-8-scaled.jpg\" alt=\"\" class=\"wp-image-1405\" srcset=\"https:\/\/old.sspr.no\/wp-content\/uploads\/2022\/03\/Vennedag-8-scaled.jpg 2560w, https:\/\/old.sspr.no\/wp-content\/uploads\/2022\/03\/Vennedag-8-300x179.jpg 300w, https:\/\/old.sspr.no\/wp-content\/uploads\/2022\/03\/Vennedag-8-1024x611.jpg 1024w, https:\/\/old.sspr.no\/wp-content\/uploads\/2022\/03\/Vennedag-8-768x458.jpg 768w, https:\/\/old.sspr.no\/wp-content\/uploads\/2022\/03\/Vennedag-8-1536x917.jpg 1536w, https:\/\/old.sspr.no\/wp-content\/uploads\/2022\/03\/Vennedag-8-2048x1222.jpg 2048w\" sizes=\"auto, (max-width: 2560px) 100vw, 2560px\" \/><\/figure>\n\n\n\n<figure class=\"wp-block-image size-large is-style-default\"><img loading=\"lazy\" decoding=\"async\" width=\"2560\" height=\"1537\" data-id=\"1404\" src=\"http:\/\/sspr.no\/wp-content\/uploads\/2022\/03\/Vennedag-7-scaled.jpg\" alt=\"\" class=\"wp-image-1404\" srcset=\"https:\/\/old.sspr.no\/wp-content\/uploads\/2022\/03\/Vennedag-7-scaled.jpg 2560w, https:\/\/old.sspr.no\/wp-content\/uploads\/2022\/03\/Vennedag-7-300x180.jpg 300w, https:\/\/old.sspr.no\/wp-content\/uploads\/2022\/03\/Vennedag-7-1024x615.jpg 1024w, https:\/\/old.sspr.no\/wp-content\/uploads\/2022\/03\/Vennedag-7-768x461.jpg 768w, https:\/\/old.sspr.no\/wp-content\/uploads\/2022\/03\/Vennedag-7-1536x922.jpg 1536w, https:\/\/old.sspr.no\/wp-content\/uploads\/2022\/03\/Vennedag-7-2048x1230.jpg 2048w\" sizes=\"auto, (max-width: 2560px) 100vw, 2560px\" \/><\/figure>\n\n\n\n<figure class=\"wp-block-image size-large is-style-default\"><img loading=\"lazy\" decoding=\"async\" width=\"2560\" height=\"1597\" data-id=\"1403\" src=\"http:\/\/sspr.no\/wp-content\/uploads\/2022\/03\/Vennedag-6-scaled.jpg\" alt=\"\" class=\"wp-image-1403\" srcset=\"https:\/\/old.sspr.no\/wp-content\/uploads\/2022\/03\/Vennedag-6-scaled.jpg 2560w, https:\/\/old.sspr.no\/wp-content\/uploads\/2022\/03\/Vennedag-6-300x187.jpg 300w, https:\/\/old.sspr.no\/wp-content\/uploads\/2022\/03\/Vennedag-6-1024x639.jpg 1024w, https:\/\/old.sspr.no\/wp-content\/uploads\/2022\/03\/Vennedag-6-768x479.jpg 768w, https:\/\/old.sspr.no\/wp-content\/uploads\/2022\/03\/Vennedag-6-1536x958.jpg 1536w, https:\/\/old.sspr.no\/wp-content\/uploads\/2022\/03\/Vennedag-6-2048x1277.jpg 2048w\" sizes=\"auto, (max-width: 2560px) 100vw, 2560px\" \/><\/figure>\n\n\n\n<figure class=\"wp-block-image size-large is-style-default\"><img loading=\"lazy\" decoding=\"async\" width=\"2560\" height=\"1561\" data-id=\"1402\" src=\"http:\/\/sspr.no\/wp-content\/uploads\/2022\/03\/Vennedag-5-scaled.jpg\" alt=\"\" class=\"wp-image-1402\" srcset=\"https:\/\/old.sspr.no\/wp-content\/uploads\/2022\/03\/Vennedag-5-scaled.jpg 2560w, https:\/\/old.sspr.no\/wp-content\/uploads\/2022\/03\/Vennedag-5-300x183.jpg 300w, https:\/\/old.sspr.no\/wp-content\/uploads\/2022\/03\/Vennedag-5-1024x624.jpg 1024w, https:\/\/old.sspr.no\/wp-content\/uploads\/2022\/03\/Vennedag-5-768x468.jpg 768w, https:\/\/old.sspr.no\/wp-content\/uploads\/2022\/03\/Vennedag-5-1536x936.jpg 1536w, https:\/\/old.sspr.no\/wp-content\/uploads\/2022\/03\/Vennedag-5-2048x1248.jpg 2048w\" sizes=\"auto, (max-width: 2560px) 100vw, 2560px\" \/><\/figure>\n\n\n\n<figure class=\"wp-block-image size-large is-style-default\"><img loading=\"lazy\" decoding=\"async\" width=\"2560\" height=\"1561\" data-id=\"1401\" src=\"http:\/\/sspr.no\/wp-content\/uploads\/2022\/03\/Vennedag-4-scaled.jpg\" alt=\"\" class=\"wp-image-1401\" srcset=\"https:\/\/old.sspr.no\/wp-content\/uploads\/2022\/03\/Vennedag-4-scaled.jpg 2560w, https:\/\/old.sspr.no\/wp-content\/uploads\/2022\/03\/Vennedag-4-300x183.jpg 300w, https:\/\/old.sspr.no\/wp-content\/uploads\/2022\/03\/Vennedag-4-1024x624.jpg 1024w, https:\/\/old.sspr.no\/wp-content\/uploads\/2022\/03\/Vennedag-4-768x468.jpg 768w, https:\/\/old.sspr.no\/wp-content\/uploads\/2022\/03\/Vennedag-4-1536x937.jpg 1536w, https:\/\/old.sspr.no\/wp-content\/uploads\/2022\/03\/Vennedag-4-2048x1249.jpg 2048w\" sizes=\"auto, (max-width: 2560px) 100vw, 2560px\" \/><\/figure>\n\n\n\n<figure class=\"wp-block-image size-large is-style-default\"><img loading=\"lazy\" decoding=\"async\" width=\"2560\" height=\"1537\" data-id=\"1400\" src=\"http:\/\/sspr.no\/wp-content\/uploads\/2022\/03\/Vennedag-3-scaled.jpg\" alt=\"\" class=\"wp-image-1400\" srcset=\"https:\/\/old.sspr.no\/wp-content\/uploads\/2022\/03\/Vennedag-3-scaled.jpg 2560w, https:\/\/old.sspr.no\/wp-content\/uploads\/2022\/03\/Vennedag-3-300x180.jpg 300w, https:\/\/old.sspr.no\/wp-content\/uploads\/2022\/03\/Vennedag-3-1024x615.jpg 1024w, https:\/\/old.sspr.no\/wp-content\/uploads\/2022\/03\/Vennedag-3-768x461.jpg 768w, https:\/\/old.sspr.no\/wp-content\/uploads\/2022\/03\/Vennedag-3-1536x922.jpg 1536w, https:\/\/old.sspr.no\/wp-content\/uploads\/2022\/03\/Vennedag-3-2048x1229.jpg 2048w\" sizes=\"auto, (max-width: 2560px) 100vw, 2560px\" \/><\/figure>\n\n\n\n<figure class=\"wp-block-image size-large is-style-default\"><img loading=\"lazy\" decoding=\"async\" width=\"2560\" height=\"1519\" data-id=\"1399\" src=\"http:\/\/sspr.no\/wp-content\/uploads\/2022\/03\/Vennedag-2-scaled.jpg\" alt=\"\" class=\"wp-image-1399\" srcset=\"https:\/\/old.sspr.no\/wp-content\/uploads\/2022\/03\/Vennedag-2-scaled.jpg 2560w, https:\/\/old.sspr.no\/wp-content\/uploads\/2022\/03\/Vennedag-2-300x178.jpg 300w, https:\/\/old.sspr.no\/wp-content\/uploads\/2022\/03\/Vennedag-2-1024x608.jpg 1024w, https:\/\/old.sspr.no\/wp-content\/uploads\/2022\/03\/Vennedag-2-768x456.jpg 768w, https:\/\/old.sspr.no\/wp-content\/uploads\/2022\/03\/Vennedag-2-1536x912.jpg 1536w, https:\/\/old.sspr.no\/wp-content\/uploads\/2022\/03\/Vennedag-2-2048x1215.jpg 2048w\" sizes=\"auto, (max-width: 2560px) 100vw, 2560px\" \/><\/figure>\n\n\n\n<figure class=\"wp-block-image size-large is-style-default\"><img loading=\"lazy\" decoding=\"async\" width=\"2560\" height=\"1464\" data-id=\"1398\" src=\"http:\/\/sspr.no\/wp-content\/uploads\/2022\/03\/Vennedag-1-scaled.jpg\" alt=\"\" class=\"wp-image-1398\" srcset=\"https:\/\/old.sspr.no\/wp-content\/uploads\/2022\/03\/Vennedag-1-scaled.jpg 2560w, https:\/\/old.sspr.no\/wp-content\/uploads\/2022\/03\/Vennedag-1-300x172.jpg 300w, https:\/\/old.sspr.no\/wp-content\/uploads\/2022\/03\/Vennedag-1-1024x585.jpg 1024w, https:\/\/old.sspr.no\/wp-content\/uploads\/2022\/03\/Vennedag-1-768x439.jpg 768w, https:\/\/old.sspr.no\/wp-content\/uploads\/2022\/03\/Vennedag-1-1536x878.jpg 1536w, https:\/\/old.sspr.no\/wp-content\/uploads\/2022\/03\/Vennedag-1-2048x1171.jpg 2048w\" sizes=\"auto, (max-width: 2560px) 100vw, 2560px\" \/><\/figure>\n<figcaption class=\"blocks-gallery-caption\">Elevene i 3. og 4. klasse har samarbeidet om \u00e5 tegne sammen p\u00e5 vennskapsdagen ved Steinerskolen p\u00e5 Rotvoll.<\/figcaption><\/figure>\n\n\n\n<p class=\"wp-block-paragraph\">Styret gikk i ekstraordin\u00e6rt styrem\u00f8te 30. mars \u00e5 g\u00e5&nbsp; inn for anskaffelse av OfficeControl, et skoleadministrativt system som vil bli til stor hjelp for i kommunikasjonen mellom skole og hjem, intern kommunikasjon og mellom l\u00e6rerne og elevene. Jeg signerer avtale om anskaffelse med firmaet DigiFlow i dag. Vi har store forventninger til at denne anskaffelsen vil v\u00e6re til nytte med hensyn til kommunikasjon, kunnskapsdeling og saksbehandling. Selve styringsflaten vil se ut som p\u00e5 bildet under. Dette er et relativt stort l\u00f8ft for oss som skole og vi vil trenge noe tid p\u00e5 innf\u00f8ringa av selve systemet, men vi ser veldig fram til \u00e5 komme i gang.<\/p>\n\n\n\n<figure class=\"wp-block-image size-large is-style-default\"><img loading=\"lazy\" decoding=\"async\" width=\"1024\" height=\"576\" src=\"http:\/\/sspr.no\/wp-content\/uploads\/2022\/03\/Steinerskolen-Pa-Rotvoll-Digitaliseringsprosjekt_-1024x576.jpg\" alt=\"\" class=\"wp-image-1406\" srcset=\"https:\/\/old.sspr.no\/wp-content\/uploads\/2022\/03\/Steinerskolen-Pa-Rotvoll-Digitaliseringsprosjekt_-1024x576.jpg 1024w, https:\/\/old.sspr.no\/wp-content\/uploads\/2022\/03\/Steinerskolen-Pa-Rotvoll-Digitaliseringsprosjekt_-300x169.jpg 300w, https:\/\/old.sspr.no\/wp-content\/uploads\/2022\/03\/Steinerskolen-Pa-Rotvoll-Digitaliseringsprosjekt_-768x432.jpg 768w, https:\/\/old.sspr.no\/wp-content\/uploads\/2022\/03\/Steinerskolen-Pa-Rotvoll-Digitaliseringsprosjekt_.jpg 1280w\" sizes=\"auto, (max-width: 1024px) 100vw, 1024px\" \/><figcaption>Dette er et eksempel p\u00e5 hvordan dashbordet eller styringsflata i det nye skoleadministrative systemet kan se ut.<\/figcaption><\/figure>\n\n\n\n<p class=\"wp-block-paragraph\">Jeg inviterer foreldrene ved Steinerskolen p\u00e5 Rotvoll i til et informasjonsm\u00f8te 5. april kl. 18-19 ang\u00e5ende styreleders avgang. Det ligger ingen dramatikk i at styreleder Per Frost har trukket seg etter som vara Vebj\u00f8rg Tingstad tiltr\u00e5dte i hans sted i ekstraordin\u00e6rt styrem\u00f8te 30. mars. Det betyr at Janne Fjelnseth, vara for Vebj\u00f8rg tiltrer som fast styremedlem, begge ut skole\u00e5ret 2021\/2022. Jeg vil gjerne invitere foreldre ved skolen til et m\u00f8te i eurytmisalen p\u00e5 skolen med litt informasjon om saken og litt om veien videre. Ny styreleder kommer til \u00e5 v\u00e6re til stede.<\/p>\n\n\n\n<p class=\"wp-block-paragraph\">Det er p\u00e5 tide \u00e5 avslutte dette m\u00e5nedsbrevet. M\u00e5nedens dikt ga seg nesten selv. Jeg har valgt Bj\u00f8rnstjerne Bj\u00f8rnsons vakre dikt &laquo;Jeg velger meg april&raquo;.<\/p>\n\n\n\n<p class=\"wp-block-paragraph\">Jeg \u00f8nsker alle sammen en riktig fin april m\u00e5ned!<\/p>\n\n\n\n<p class=\"wp-block-paragraph\">Vennlig hilsen, Frode!<\/p>\n\n\n\n<pre class=\"wp-block-verse\"><strong>Jeg velger meg april<\/strong>\n\nJeg velger meg april\nI den det gamle faller,\ni den det ny f\u00e5r feste;\ndet volder litt rabalder,\n-dog fred er ei det beste,\nmen at man noe vil.\n\nJeg velger meg april,\nfordi den stormer, feier,\nfordi den smiler, smelter,\nfordi den evner eier,\nfordi den krefter velter,\n-i den blir somren til!\n\n<strong>Bj\u00f8rnstjerne Bj\u00f8rnson<\/strong>\n<\/pre>\n","protected":false},"excerpt":{"rendered":"<p>April. Smak p\u00e5 ordet. Det gir i hvert fall meg assosiasjoner til noe friskt og godt. Sola kikker gjerne fram mellom sluddbygene og sn\u00f8klokker, scilla og primula m\u00e5 av og til t\u00e5le en liten haglskur. En frisk og fin m\u00e5ned &hellip; <a href=\"https:\/\/old.sspr.no\/?p=1395\">Les videre <span class=\"meta-nav\">&rarr;<\/span><\/a><\/p>\n","protected":false},"author":1,"featured_media":0,"comment_status":"closed","ping_status":"","sticky":false,"template":"","format":"standard","meta":{"myguten_meta_block_field":"","footnotes":""},"categories":[1],"tags":[],"class_list":["post-1395","post","type-post","status-publish","format-standard","hentry","category-uncategorized"],"_links":{"self":[{"href":"https:\/\/old.sspr.no\/index.php?rest_route=\/wp\/v2\/posts\/1395","targetHints":{"allow":["GET"]}}],"collection":[{"href":"https:\/\/old.sspr.no\/index.php?rest_route=\/wp\/v2\/posts"}],"about":[{"href":"https:\/\/old.sspr.no\/index.php?rest_route=\/wp\/v2\/types\/post"}],"author":[{"embeddable":true,"href":"https:\/\/old.sspr.no\/index.php?rest_route=\/wp\/v2\/users\/1"}],"replies":[{"embeddable":true,"href":"https:\/\/old.sspr.no\/index.php?rest_route=%2Fwp%2Fv2%2Fcomments&post=1395"}],"version-history":[{"count":4,"href":"https:\/\/old.sspr.no\/index.php?rest_route=\/wp\/v2\/posts\/1395\/revisions"}],"predecessor-version":[{"id":1413,"href":"https:\/\/old.sspr.no\/index.php?rest_route=\/wp\/v2\/posts\/1395\/revisions\/1413"}],"wp:attachment":[{"href":"https:\/\/old.sspr.no\/index.php?rest_route=%2Fwp%2Fv2%2Fmedia&parent=1395"}],"wp:term":[{"taxonomy":"category","embeddable":true,"href":"https:\/\/old.sspr.no\/index.php?rest_route=%2Fwp%2Fv2%2Fcategories&post=1395"},{"taxonomy":"post_tag","embeddable":true,"href":"https:\/\/old.sspr.no\/index.php?rest_route=%2Fwp%2Fv2%2Ftags&post=1395"}],"curies":[{"name":"wp","href":"https:\/\/api.w.org\/{rel}","templated":true}]}}