{"id":1336,"date":"2022-02-01T13:18:16","date_gmt":"2022-02-01T13:18:16","guid":{"rendered":"https:\/\/sspr.no\/?p=1336"},"modified":"2022-02-01T13:18:16","modified_gmt":"2022-02-01T13:18:16","slug":"februarbrev-fra-rektor","status":"publish","type":"post","link":"https:\/\/old.sspr.no\/?p=1336","title":{"rendered":"Februarbrev fra rektor"},"content":{"rendered":"\n<p class=\"wp-block-paragraph\">Kj\u00e6re elever, foreldre og ansatte!<\/p>\n\n\n\n<p class=\"wp-block-paragraph\">Da har vi forlatt januar 2022 og en ny og ubrukt m\u00e5ned st\u00e5r foran oss. I skrivende stund er skoleg\u00e5rden dekket med et tynt lag med sn\u00f8 og det er null grader i lufta, perfekte forhold i akebakken for de minste.<\/p>\n\n\n\n<figure class=\"wp-block-gallery has-nested-images columns-default is-cropped wp-block-gallery-1 is-layout-flex wp-block-gallery-is-layout-flex\">\n<figure class=\"wp-block-image size-large is-style-default\"><img loading=\"lazy\" decoding=\"async\" width=\"1536\" height=\"2048\" data-id=\"1349\" src=\"http:\/\/sspr.no\/wp-content\/uploads\/2022\/02\/Skileiken-2-31.01.22.jpg\" alt=\"\" class=\"wp-image-1349\" srcset=\"https:\/\/old.sspr.no\/wp-content\/uploads\/2022\/02\/Skileiken-2-31.01.22.jpg 1536w, https:\/\/old.sspr.no\/wp-content\/uploads\/2022\/02\/Skileiken-2-31.01.22-225x300.jpg 225w, https:\/\/old.sspr.no\/wp-content\/uploads\/2022\/02\/Skileiken-2-31.01.22-768x1024.jpg 768w, https:\/\/old.sspr.no\/wp-content\/uploads\/2022\/02\/Skileiken-2-31.01.22-1152x1536.jpg 1152w\" sizes=\"auto, (max-width: 1536px) 100vw, 1536px\" \/><\/figure>\n\n\n\n<figure class=\"wp-block-image size-large is-style-default\"><img loading=\"lazy\" decoding=\"async\" width=\"1536\" height=\"2048\" data-id=\"1350\" src=\"http:\/\/sspr.no\/wp-content\/uploads\/2022\/02\/Skileiken-31.01.21.jpg\" alt=\"\" class=\"wp-image-1350\" srcset=\"https:\/\/old.sspr.no\/wp-content\/uploads\/2022\/02\/Skileiken-31.01.21.jpg 1536w, https:\/\/old.sspr.no\/wp-content\/uploads\/2022\/02\/Skileiken-31.01.21-225x300.jpg 225w, https:\/\/old.sspr.no\/wp-content\/uploads\/2022\/02\/Skileiken-31.01.21-768x1024.jpg 768w, https:\/\/old.sspr.no\/wp-content\/uploads\/2022\/02\/Skileiken-31.01.21-1152x1536.jpg 1152w\" sizes=\"auto, (max-width: 1536px) 100vw, 1536px\" \/><\/figure>\n\n\n\n<figure class=\"wp-block-image size-large is-style-default\"><img loading=\"lazy\" decoding=\"async\" width=\"1536\" height=\"2048\" data-id=\"1351\" src=\"http:\/\/sspr.no\/wp-content\/uploads\/2022\/02\/Trollstupet-31.01.22.jpg\" alt=\"\" class=\"wp-image-1351\" srcset=\"https:\/\/old.sspr.no\/wp-content\/uploads\/2022\/02\/Trollstupet-31.01.22.jpg 1536w, https:\/\/old.sspr.no\/wp-content\/uploads\/2022\/02\/Trollstupet-31.01.22-225x300.jpg 225w, https:\/\/old.sspr.no\/wp-content\/uploads\/2022\/02\/Trollstupet-31.01.22-768x1024.jpg 768w, https:\/\/old.sspr.no\/wp-content\/uploads\/2022\/02\/Trollstupet-31.01.22-1152x1536.jpg 1152w\" sizes=\"auto, (max-width: 1536px) 100vw, 1536px\" \/><\/figure>\n\n\n\n<figure class=\"wp-block-image size-large is-style-default\"><img loading=\"lazy\" decoding=\"async\" width=\"769\" height=\"1024\" data-id=\"1348\" src=\"https:\/\/sspr.no\/wp-content\/uploads\/2022\/02\/Eva-og-Nina-31.01.22-769x1024.jpg\" alt=\"\" class=\"wp-image-1348\" srcset=\"https:\/\/old.sspr.no\/wp-content\/uploads\/2022\/02\/Eva-og-Nina-31.01.22-769x1024.jpg 769w, https:\/\/old.sspr.no\/wp-content\/uploads\/2022\/02\/Eva-og-Nina-31.01.22-225x300.jpg 225w, https:\/\/old.sspr.no\/wp-content\/uploads\/2022\/02\/Eva-og-Nina-31.01.22-768x1023.jpg 768w, https:\/\/old.sspr.no\/wp-content\/uploads\/2022\/02\/Eva-og-Nina-31.01.22-1154x1536.jpg 1154w, https:\/\/old.sspr.no\/wp-content\/uploads\/2022\/02\/Eva-og-Nina-31.01.22.jpg 1538w\" sizes=\"auto, (max-width: 769px) 100vw, 769px\" \/><\/figure>\n<figcaption class=\"blocks-gallery-caption\">Eva og Nina, v\u00e5re 1. klassel\u00e6rere i Skileiken ved Skistua.<\/figcaption><\/figure>\n\n\n\n<p class=\"wp-block-paragraph\">Mange av klassene v\u00e5re har brukt mulighetene til \u00e5 komme seg ut p\u00e5 b\u00e5de sk\u00f8yter og ski. Sk\u00f8yteisen p\u00e5 Leangen har v\u00e6rt brukt flittig og 1. klasse har v\u00e6rt i <a rel=\"noreferrer noopener\" href=\"https:\/\/skiklubben.no\/aktiviteter\/grakallen-skileik\/\" target=\"_blank\">Skileiken<\/a> ved Skistua og skal dit p\u00e5 nytt. Et flott tilbud for byens barn og unge! Skolens ansatte er i ferd med \u00e5 planlegge \u00e5rets skidag, der det legges opp til forskjellige skiaktiviteter, b\u00e5de i Skileiken og andre steder. Det vil komme informasjon fra trinnlederne v\u00e5re n\u00e5r datoen n\u00e6rmer seg.<\/p>\n\n\n\n<p class=\"wp-block-paragraph\">Januar m\u00e5ned har v\u00e6rt delvis preget av at vi har fulgt retningslinjene for smittevern p\u00e5 gult niv\u00e5 i henhold til myndighetenes trafikklysmodell, med oppdeling i kohorter b\u00e5de inne og ute. Regjeringen legger fram ny strategi 1. februar. Steinerskolen p\u00e5 Rotvoll forholder seg til nasjonale og kommunale retningslinjer og sender ut ny informasjon straks denne foreligger.<\/p>\n\n\n\n<p class=\"wp-block-paragraph\"><strong>De grunnleggende smittevernr\u00e5dene som fortsatt gjelder<\/strong><\/p>\n\n\n\n<p class=\"wp-block-paragraph\"><strong>Syke personer skal ikke v\u00e6re p\u00e5 skolen, i barnehagen og i SFO.<\/strong>\u00a0Det aller viktigste smitteverntiltaket er at syke personer holder seg hjemme selv ved milde symptomer.<\/p>\n\n\n\n<p class=\"wp-block-paragraph\"><strong>God hygiene og god ventilasjon.<\/strong>\u00a0Hostehygiene er viktig for \u00e5 begrense dr\u00e5pesmitte, mens h\u00e5ndhygiene er viktig for \u00e5 hindre kontaktsmitte.\u00a0God ventilasjon kan redusere smittespredning innend\u00f8rs.<\/p>\n\n\n\n<p class=\"wp-block-paragraph\"><strong>Redusert kontakt mellom personer.<\/strong>\u00a0\u00d8kt fysisk avstand mellom mennesker reduserer muligheten for smitte, ogs\u00e5 f\u00f8r symptomer p\u00e5 sykdom oppst\u00e5r. Mindre grupper gir f\u00e6rre n\u00e6rkontakter og redusert risiko for smitte.<\/p>\n\n\n\n<figure class=\"wp-block-gallery has-nested-images columns-default is-cropped wp-block-gallery-2 is-layout-flex wp-block-gallery-is-layout-flex\">\n<figure class=\"wp-block-image size-large is-style-default\"><img loading=\"lazy\" decoding=\"async\" width=\"1024\" height=\"768\" data-id=\"1346\" src=\"https:\/\/sspr.no\/wp-content\/uploads\/2022\/02\/Lofotveggen-1-1-1024x768.jpg\" alt=\"\" class=\"wp-image-1346\" srcset=\"https:\/\/old.sspr.no\/wp-content\/uploads\/2022\/02\/Lofotveggen-1-1-1024x768.jpg 1024w, https:\/\/old.sspr.no\/wp-content\/uploads\/2022\/02\/Lofotveggen-1-1-300x225.jpg 300w, https:\/\/old.sspr.no\/wp-content\/uploads\/2022\/02\/Lofotveggen-1-1-768x576.jpg 768w, https:\/\/old.sspr.no\/wp-content\/uploads\/2022\/02\/Lofotveggen-1-1-1536x1152.jpg 1536w, https:\/\/old.sspr.no\/wp-content\/uploads\/2022\/02\/Lofotveggen-1-1-2048x1536.jpg 2048w\" sizes=\"auto, (max-width: 1024px) 100vw, 1024px\" \/><\/figure>\n\n\n\n<figure class=\"wp-block-image size-large is-style-default\"><img loading=\"lazy\" decoding=\"async\" width=\"1024\" height=\"768\" data-id=\"1347\" src=\"https:\/\/sspr.no\/wp-content\/uploads\/2022\/02\/Lofotveggen-2-1-1024x768.jpg\" alt=\"\" class=\"wp-image-1347\" srcset=\"https:\/\/old.sspr.no\/wp-content\/uploads\/2022\/02\/Lofotveggen-2-1-1024x768.jpg 1024w, https:\/\/old.sspr.no\/wp-content\/uploads\/2022\/02\/Lofotveggen-2-1-300x225.jpg 300w, https:\/\/old.sspr.no\/wp-content\/uploads\/2022\/02\/Lofotveggen-2-1-768x576.jpg 768w, https:\/\/old.sspr.no\/wp-content\/uploads\/2022\/02\/Lofotveggen-2-1-1536x1152.jpg 1536w, https:\/\/old.sspr.no\/wp-content\/uploads\/2022\/02\/Lofotveggen-2-1-2048x1536.jpg 2048w\" sizes=\"auto, (max-width: 1024px) 100vw, 1024px\" \/><\/figure>\n<figcaption class=\"blocks-gallery-caption\">Tegninger fra 4. klasses hovedfagsperiode  om Johan Bojers &laquo;<a rel=\"noreferrer noopener\" href=\"https:\/\/no.wikipedia.org\/wiki\/Den_siste_viking\" target=\"_blank\">Den siste viking<\/a>&laquo;. Motivene her er Lofotveggen.<\/figcaption><\/figure>\n\n\n\n<p class=\"wp-block-paragraph\">Elevtallet vokser stadig, og det gir oss stadig noen utfordringer med hensyn til romkapasitet. Det er hyggelig at skolen vokser og at stadig flere foreldre velger Steinerskolen p\u00e5 Rotvoll. Vi arbeider for tiden med \u00e5 finne l\u00f8sninger p\u00e5 \u00e5 \u00f8ke kapasiteten p\u00e5 dette med klasserom og spesialrom. Bygg- og eiendomsgruppa v\u00e5r, best\u00e5ende av ansatte og foreldre, har pekt p\u00e5 to mulige plasseringer p\u00e5 eiendommen. Den ene alternativet er hj\u00f8rnet mot parkeringsplassen mot Rotvollbukta og Hans Collins vei. Det andre alternativet gruppa har pekt p\u00e5 er ved krysset barnetrinnsbygget og Camphill. <\/p>\n\n\n\n<p class=\"wp-block-paragraph\">Vi er i dialog med to entrepren\u00f8rer som har levert tilbud p\u00e5 oppsett av modulbygg p\u00e5 eiendommen. Det gjenst\u00e5r en del arbeid med hensyn til kvalitetssikring, s\u00f8knadsprosess inn mot byggesakskontoret, \u00f8konomiske vurderinger og styrets endelige beslutning i saken. Modulbygg blir en midlertidig l\u00f8sning inntil vi f\u00e5r prosjektert ombygging og utbygging av mer permanente l\u00f8sninger ved skolen. \u00d8kt kapasitet p\u00e5 klasserom og spesialrom i et modulbygg vil kunne frigj\u00f8re rom til \u00e5 bygge flere verksteder for handverksfagene, for eksempel for keramikk, glass og metall, tekstil osv. Vi ser fram til \u00e5 g\u00e5 i gang med dette arbeidet.<\/p>\n\n\n\n<figure class=\"wp-block-gallery has-nested-images columns-default is-cropped wp-block-gallery-3 is-layout-flex wp-block-gallery-is-layout-flex\">\n<figure class=\"wp-block-image size-large is-style-default\"><img loading=\"lazy\" decoding=\"async\" width=\"1920\" height=\"2560\" data-id=\"1339\" src=\"http:\/\/sspr.no\/wp-content\/uploads\/2022\/02\/Gruppearb.-Lofoten-2-scaled.jpg\" alt=\"\" class=\"wp-image-1339\" srcset=\"https:\/\/old.sspr.no\/wp-content\/uploads\/2022\/02\/Gruppearb.-Lofoten-2-scaled.jpg 1920w, https:\/\/old.sspr.no\/wp-content\/uploads\/2022\/02\/Gruppearb.-Lofoten-2-225x300.jpg 225w, https:\/\/old.sspr.no\/wp-content\/uploads\/2022\/02\/Gruppearb.-Lofoten-2-768x1024.jpg 768w, https:\/\/old.sspr.no\/wp-content\/uploads\/2022\/02\/Gruppearb.-Lofoten-2-1152x1536.jpg 1152w, https:\/\/old.sspr.no\/wp-content\/uploads\/2022\/02\/Gruppearb.-Lofoten-2-1536x2048.jpg 1536w\" sizes=\"auto, (max-width: 1920px) 100vw, 1920px\" \/><\/figure>\n\n\n\n<figure class=\"wp-block-image size-large is-style-default\"><img loading=\"lazy\" decoding=\"async\" width=\"1920\" height=\"2560\" data-id=\"1338\" src=\"http:\/\/sspr.no\/wp-content\/uploads\/2022\/02\/Gruppearb.-Lofoten-1-scaled.jpg\" alt=\"\" class=\"wp-image-1338\" srcset=\"https:\/\/old.sspr.no\/wp-content\/uploads\/2022\/02\/Gruppearb.-Lofoten-1-scaled.jpg 1920w, https:\/\/old.sspr.no\/wp-content\/uploads\/2022\/02\/Gruppearb.-Lofoten-1-225x300.jpg 225w, https:\/\/old.sspr.no\/wp-content\/uploads\/2022\/02\/Gruppearb.-Lofoten-1-768x1024.jpg 768w, https:\/\/old.sspr.no\/wp-content\/uploads\/2022\/02\/Gruppearb.-Lofoten-1-1152x1536.jpg 1152w, https:\/\/old.sspr.no\/wp-content\/uploads\/2022\/02\/Gruppearb.-Lofoten-1-1536x2048.jpg 1536w\" sizes=\"auto, (max-width: 1920px) 100vw, 1920px\" \/><\/figure>\n<figcaption class=\"blocks-gallery-caption\">Elever i 4. klasse i dyp konsentrasjon i gruppearbeid om &laquo;Den siste viking&raquo; og Lofotveggen. Bilde: Kari Kirkholt<\/figcaption><\/figure>\n\n\n\n<p class=\"wp-block-paragraph\">Vi arbeider med \u00e5 styrke b\u00e5ndene mellom steinerskolene i Trondheim. De tre skolene har g\u00e5tt sammen om en s\u00f8knad i samarbeid med Steinerh\u00f8yskolen og Trondheim og Malvik kommuner om s\u00e5kalte DeKom-midler. Midlene skal brukes til intern kursing av ansatte ved skolene i h\u00e5ndverksfagene. Her vil Steinerh\u00f8yskolen stille med sin kompetanse til heldagskurs gjennom de neste to \u00e5rene. Skolene forplikter seg til \u00e5 f\u00f8lge opp mellom kursene, slik at vi f\u00e5r implementert arbeidsmetodene bredere og sterkere inn i undervisninga. Vi har flere gode h\u00e5ndverksl\u00e6rere, men m\u00e5let med dette samarbeidet er \u00e5 f\u00e5 kompetansen spredt bredt ut i hele kollegiet. Dette blir spennende \u00e5 f\u00f8lge opp videre!<\/p>\n\n\n\n<p class=\"wp-block-paragraph\">Vi har hyret malere til \u00e5 ta en malejobb i Salen og p\u00e5 Fritidshjemmet. DinVaktmester kommer til \u00e5 ta oppdraget i vinterferien. DinVaktmester kommer ogs\u00e5 til \u00e5 s\u00f8rge for nytt oppheng av gardiner og forheng i salen. Jeg ser fram til \u00e5 f\u00e5 gjennomf\u00f8rt dette arbeidet. Vi skal ogs\u00e5 se om vi f\u00e5r prioritert maling av klasserommene for 7., 8. og 9. klasse, men dette f\u00e5r vi ta utover v\u00e5ren. Jan Tommy er straks ferdig med \u00e5 pusse opp stua i 2. etasje i Agronomboligen, og vil  utover v\u00e5ren g\u00e5 i gang med \u00e5 bygge en midlertidig gymsal p\u00e5 Lemmen. M\u00e5let er at den midlertidige gymsalen skal v\u00e6re klar til bruk til skolestart h\u00f8sten 2022.<\/p>\n\n\n\n<figure class=\"wp-block-gallery has-nested-images columns-default is-cropped wp-block-gallery-4 is-layout-flex wp-block-gallery-is-layout-flex\">\n<figure class=\"wp-block-image size-large is-style-default\"><img loading=\"lazy\" decoding=\"async\" width=\"2560\" height=\"1920\" data-id=\"1342\" src=\"http:\/\/sspr.no\/wp-content\/uploads\/2022\/02\/Lofotveggen-3-scaled.jpg\" alt=\"\" class=\"wp-image-1342\" srcset=\"https:\/\/old.sspr.no\/wp-content\/uploads\/2022\/02\/Lofotveggen-3-scaled.jpg 2560w, https:\/\/old.sspr.no\/wp-content\/uploads\/2022\/02\/Lofotveggen-3-300x225.jpg 300w, https:\/\/old.sspr.no\/wp-content\/uploads\/2022\/02\/Lofotveggen-3-1024x768.jpg 1024w, https:\/\/old.sspr.no\/wp-content\/uploads\/2022\/02\/Lofotveggen-3-768x576.jpg 768w, https:\/\/old.sspr.no\/wp-content\/uploads\/2022\/02\/Lofotveggen-3-1536x1152.jpg 1536w, https:\/\/old.sspr.no\/wp-content\/uploads\/2022\/02\/Lofotveggen-3-2048x1536.jpg 2048w\" sizes=\"auto, (max-width: 2560px) 100vw, 2560px\" \/><\/figure>\n\n\n\n<figure class=\"wp-block-image size-large is-style-default\"><img loading=\"lazy\" decoding=\"async\" width=\"2560\" height=\"1920\" data-id=\"1344\" src=\"http:\/\/sspr.no\/wp-content\/uploads\/2022\/02\/Lofotveggen-5-scaled.jpg\" alt=\"\" class=\"wp-image-1344\" srcset=\"https:\/\/old.sspr.no\/wp-content\/uploads\/2022\/02\/Lofotveggen-5-scaled.jpg 2560w, https:\/\/old.sspr.no\/wp-content\/uploads\/2022\/02\/Lofotveggen-5-300x225.jpg 300w, https:\/\/old.sspr.no\/wp-content\/uploads\/2022\/02\/Lofotveggen-5-1024x768.jpg 1024w, https:\/\/old.sspr.no\/wp-content\/uploads\/2022\/02\/Lofotveggen-5-768x576.jpg 768w, https:\/\/old.sspr.no\/wp-content\/uploads\/2022\/02\/Lofotveggen-5-1536x1152.jpg 1536w, https:\/\/old.sspr.no\/wp-content\/uploads\/2022\/02\/Lofotveggen-5-2048x1536.jpg 2048w\" sizes=\"auto, (max-width: 2560px) 100vw, 2560px\" \/><\/figure>\n<figcaption class=\"blocks-gallery-caption\">Tegninger fra 4. klasses hovedfagsfperiode om  den &laquo;Den siste viking&raquo;. Motivene her er Lofotveggen.<\/figcaption><\/figure>\n\n\n\n<blockquote class=\"wp-block-quote is-layout-flow wp-block-quote-is-layout-flow\"><p><\/p><\/blockquote>\n\n\n\n<p class=\"wp-block-paragraph\">Vi g\u00e5r mot lysere dager. <a href=\"https:\/\/nordnorsk-magasin.no\/helge-stangnes\/\" target=\"_blank\" rel=\"noreferrer noopener\">Helge Stangnes<\/a>, en av landets fremste rimsmeder og ordkl\u00f8yvere skriver vakkert om de f\u00f8rste solstreifene som treffer fjelltoppene p\u00e5 denne tida av \u00e5ret. Han skriver p\u00e5 nord-norsk dialekt, n\u00e6rmere bestemt p\u00e5 Senja-m\u00e5let. Jeg avslutter dette februarbrevet hans tekst <em>Mot lys<\/em>.<\/p>\n\n\n\n<p class=\"wp-block-paragraph\">Jeg \u00f8nsker dere med dette en riktig fin februar!<\/p>\n\n\n\n<p class=\"wp-block-paragraph\">Frode<\/p>\n\n\n\n<blockquote class=\"wp-block-quote is-layout-flow wp-block-quote-is-layout-flow\"><p><strong>MOT LYS<\/strong><\/p><p>S\u00e5 ga du oss atter ei dagning<\/p><p>med himmel i rosa og r\u00f8dt;<\/p><p>en time i undring og dragning<\/p><p>mot lys som av m\u00f8rke blir f\u00f8dt.<\/p><p>P\u00e5 ny spelles solgudens drama<\/p><p>bak nattbl\u00e5e tinda i s\u00f8r;<\/p><p>det evige, \u00e5rlige lys-panorama<\/p><p>med Helios som regiss\u00f8r<\/p><p><\/p><p>Vi veit at i dag skal det hende:<\/p><p>vi veit at et under skal skje:<\/p><p>En kant av ei sol-glo skal brenne<\/p><p>der s\u00f8r mellom tindan et sted`<\/p><p>Ei m\u00f8rketids venting e omme<\/p><p>og dagen skal feires med fest;<\/p><p>&#8211; men hjelp oss \u00e5 holde p\u00e5 dr\u00f8mmen om lys<\/p><p>n\u00e5r sol e blitt kverdagens gjest<\/p><p><strong>Helge Stangnes<\/strong><\/p><p><\/p><\/blockquote>\n\n\n\n<p class=\"wp-block-paragraph\"><\/p>\n","protected":false},"excerpt":{"rendered":"<p>Kj\u00e6re elever, foreldre og ansatte! Da har vi forlatt januar 2022 og en ny og ubrukt m\u00e5ned st\u00e5r foran oss. I skrivende stund er skoleg\u00e5rden dekket med et tynt lag med sn\u00f8 og det er null grader i lufta, perfekte &hellip; <a href=\"https:\/\/old.sspr.no\/?p=1336\">Les videre <span class=\"meta-nav\">&rarr;<\/span><\/a><\/p>\n","protected":false},"author":1,"featured_media":1350,"comment_status":"closed","ping_status":"","sticky":false,"template":"","format":"standard","meta":{"myguten_meta_block_field":"","footnotes":""},"categories":[16,1],"tags":[126,123,125,127,129,128,131,120,124,130,121,118,119,122],"class_list":["post-1336","post","type-post","status-publish","format-standard","has-post-thumbnail","hentry","category-administrasjon","category-uncategorized","tag-dekom","tag-den-siste-viking","tag-gruppearbeid","tag-handverksfag","tag-helge-stangnes","tag-hovedfag","tag-johan-bojer","tag-leangen","tag-lofotveggen","tag-mot-lys","tag-ski","tag-skileiken","tag-skistua","tag-skoyter"],"_links":{"self":[{"href":"https:\/\/old.sspr.no\/index.php?rest_route=\/wp\/v2\/posts\/1336","targetHints":{"allow":["GET"]}}],"collection":[{"href":"https:\/\/old.sspr.no\/index.php?rest_route=\/wp\/v2\/posts"}],"about":[{"href":"https:\/\/old.sspr.no\/index.php?rest_route=\/wp\/v2\/types\/post"}],"author":[{"embeddable":true,"href":"https:\/\/old.sspr.no\/index.php?rest_route=\/wp\/v2\/users\/1"}],"replies":[{"embeddable":true,"href":"https:\/\/old.sspr.no\/index.php?rest_route=%2Fwp%2Fv2%2Fcomments&post=1336"}],"version-history":[{"count":3,"href":"https:\/\/old.sspr.no\/index.php?rest_route=\/wp\/v2\/posts\/1336\/revisions"}],"predecessor-version":[{"id":1355,"href":"https:\/\/old.sspr.no\/index.php?rest_route=\/wp\/v2\/posts\/1336\/revisions\/1355"}],"wp:featuredmedia":[{"embeddable":true,"href":"https:\/\/old.sspr.no\/index.php?rest_route=\/wp\/v2\/media\/1350"}],"wp:attachment":[{"href":"https:\/\/old.sspr.no\/index.php?rest_route=%2Fwp%2Fv2%2Fmedia&parent=1336"}],"wp:term":[{"taxonomy":"category","embeddable":true,"href":"https:\/\/old.sspr.no\/index.php?rest_route=%2Fwp%2Fv2%2Fcategories&post=1336"},{"taxonomy":"post_tag","embeddable":true,"href":"https:\/\/old.sspr.no\/index.php?rest_route=%2Fwp%2Fv2%2Ftags&post=1336"}],"curies":[{"name":"wp","href":"https:\/\/api.w.org\/{rel}","templated":true}]}}